{"id":3635,"date":"2026-04-01T07:36:02","date_gmt":"2026-04-01T05:36:02","guid":{"rendered":"https:\/\/conflansmontjoie.org\/?p=3635"},"modified":"2026-04-04T08:06:34","modified_gmt":"2026-04-04T06:06:34","slug":"1-avril-2026-loperation-tulipes-contre-le-cancer-est-lancee","status":"publish","type":"post","link":"https:\/\/conflansmontjoie.org\/?p=3635","title":{"rendered":"&#8211; 1 avril 2026, l&rsquo;op\u00e9ration \u00ab\u00a0Tulipes contre le cancer\u00a0\u00bb est lanc\u00e9e !"},"content":{"rendered":"\t\t<div data-elementor-type=\"wp-post\" data-elementor-id=\"3635\" class=\"elementor elementor-3635\">\n\t\t\t\t<div class=\"elementor-element elementor-element-42c544f e-flex e-con-boxed e-con e-parent\" data-id=\"42c544f\" data-element_type=\"container\" data-e-type=\"container\">\n\t\t\t\t\t<div class=\"e-con-inner\">\n\t\t\t\t<div class=\"elementor-element elementor-element-2eaf2ea elementor-widget elementor-widget-image\" data-id=\"2eaf2ea\" data-element_type=\"widget\" data-e-type=\"widget\" data-widget_type=\"image.default\">\n\t\t\t\t<div class=\"elementor-widget-container\">\n\t\t\t\t\t\t\t\t\t\t\t\t\t\t\t<img fetchpriority=\"high\" decoding=\"async\" width=\"960\" height=\"416\" src=\"https:\/\/conflansmontjoie.org\/wp-content\/uploads\/2025\/03\/Tulipes-1-1024x444.jpg\" class=\"attachment-large size-large wp-image-2060\" alt=\"\" srcset=\"https:\/\/conflansmontjoie.org\/wp-content\/uploads\/2025\/03\/Tulipes-1-1024x444.jpg 1024w, https:\/\/conflansmontjoie.org\/wp-content\/uploads\/2025\/03\/Tulipes-1-300x130.jpg 300w, https:\/\/conflansmontjoie.org\/wp-content\/uploads\/2025\/03\/Tulipes-1-768x333.jpg 768w, https:\/\/conflansmontjoie.org\/wp-content\/uploads\/2025\/03\/Tulipes-1-1536x666.jpg 1536w, https:\/\/conflansmontjoie.org\/wp-content\/uploads\/2025\/03\/Tulipes-1-1140x494.jpg 1140w, https:\/\/conflansmontjoie.org\/wp-content\/uploads\/2025\/03\/Tulipes-1.jpg 1551w\" sizes=\"(max-width: 960px) 100vw, 960px\" \/>\t\t\t\t\t\t\t\t\t\t\t\t\t\t\t<\/div>\n\t\t\t\t<\/div>\n\t\t\t\t\t<\/div>\n\t\t\t\t<\/div>\n\t\t<div class=\"elementor-element elementor-element-0094526 e-grid e-con-boxed e-con e-parent\" data-id=\"0094526\" data-element_type=\"container\" data-e-type=\"container\">\n\t\t\t\t\t<div class=\"e-con-inner\">\n\t\t\t\t<div class=\"elementor-element elementor-element-132f373 elementor-widget elementor-widget-image\" data-id=\"132f373\" data-element_type=\"widget\" data-e-type=\"widget\" data-widget_type=\"image.default\">\n\t\t\t\t<div class=\"elementor-widget-container\">\n\t\t\t\t\t\t\t\t\t\t\t\t\t\t\t<img decoding=\"async\" width=\"312\" height=\"1024\" src=\"https:\/\/conflansmontjoie.org\/wp-content\/uploads\/2025\/03\/Flamme--312x1024.jpg\" class=\"attachment-large size-large wp-image-3638\" alt=\"\" srcset=\"https:\/\/conflansmontjoie.org\/wp-content\/uploads\/2025\/03\/Flamme--312x1024.jpg 312w, https:\/\/conflansmontjoie.org\/wp-content\/uploads\/2025\/03\/Flamme--768x2517.jpg 768w, https:\/\/conflansmontjoie.org\/wp-content\/uploads\/2025\/03\/Flamme--scaled.jpg 781w\" sizes=\"(max-width: 312px) 100vw, 312px\" \/>\t\t\t\t\t\t\t\t\t\t\t\t\t\t\t<\/div>\n\t\t\t\t<\/div>\n\t\t\t\t<div class=\"elementor-element elementor-element-aa04d2d elementor-widget elementor-widget-text-editor\" data-id=\"aa04d2d\" data-element_type=\"widget\" data-e-type=\"widget\" data-widget_type=\"text-editor.default\">\n\t\t\t\t<div class=\"elementor-widget-container\">\n\t\t\t\t\t\t\t\t\t<p>L&rsquo;op\u00e9ration \u00ab\u00a0<a href=\"https:\/\/conflansmontjoie.org\/?page_id=801\">Tulipes contre cancer<\/a>\u00a0\u00bb d\u00e9butera le samedi 21 mars 2025 ! Pour cette 21\u00e8me \u00e9ditions, n6us comptons sur vous pour venir un chercher un bouquet en \u00e9change d&rsquo;un don de 10 \u20ac.<\/p><p>Vos dons nous permettent de financer des <a href=\"https:\/\/conflansmontjoie.org\/?page_id=2987\">projets<\/a> en faveur du cancer et particuli\u00e8rement le cancer p\u00e9diatrique.<\/p><p>Vous pouvez nous trouver directement sur le champ de tulipe : Route d\u2019Andr\u00e9sy \u2013 Carrefour du Bataclan \u2013 78570 Chanteloup-les-Vignes toute la semaine (sauf le lundi matin, et dimanche apr\u00e8s-midi).<\/p><p>Lieu : Route d\u2019Andr\u00e9sy \u2013 Carrefour du Bataclan \u2013 78570 Chanteloup-les-Vignes. Mais aussi le samedi et dimanche matin sur plusieurs sites :<\/p><ul><li>Magasin Leclerc de Conflans,<\/li><li>Magasins Leclerc de Carri\u00e8res-sous-Poissy,<\/li><li>Magasin Franprix d&rsquo;Andr\u00e9sy,<\/li><li>Magasin Intermarch\u00e9 d&rsquo;Andr\u00e9sy,<\/li><\/ul>\t\t\t\t\t\t\t\t<\/div>\n\t\t\t\t<\/div>\n\t\t\t\t\t<\/div>\n\t\t\t\t<\/div>\n\t\t<div class=\"elementor-element elementor-element-c675e48 e-flex e-con-boxed e-con e-parent\" data-id=\"c675e48\" data-element_type=\"container\" data-e-type=\"container\">\n\t\t\t\t\t<div class=\"e-con-inner\">\n\t\t\t\t<div class=\"elementor-element elementor-element-2f8dbb7 elementor-widget elementor-widget-image\" data-id=\"2f8dbb7\" data-element_type=\"widget\" data-e-type=\"widget\" data-widget_type=\"image.default\">\n\t\t\t\t<div class=\"elementor-widget-container\">\n\t\t\t\t\t\t\t\t\t\t\t\t\t\t\t<img decoding=\"async\" width=\"960\" height=\"659\" src=\"https:\/\/conflansmontjoie.org\/wp-content\/uploads\/2025\/03\/Triptique-1-1024x703.jpg\" class=\"attachment-large size-large wp-image-3699\" alt=\"\" srcset=\"https:\/\/conflansmontjoie.org\/wp-content\/uploads\/2025\/03\/Triptique-1-1024x703.jpg 1024w, https:\/\/conflansmontjoie.org\/wp-content\/uploads\/2025\/03\/Triptique-1-300x206.jpg 300w, https:\/\/conflansmontjoie.org\/wp-content\/uploads\/2025\/03\/Triptique-1-768x527.jpg 768w, https:\/\/conflansmontjoie.org\/wp-content\/uploads\/2025\/03\/Triptique-1.jpg 1048w\" sizes=\"(max-width: 960px) 100vw, 960px\" \/>\t\t\t\t\t\t\t\t\t\t\t\t\t\t\t<\/div>\n\t\t\t\t<\/div>\n\t\t\t\t\t<\/div>\n\t\t\t\t<\/div>\n\t\t<div class=\"elementor-element elementor-element-7512ba8 e-flex e-con-boxed e-con e-parent\" data-id=\"7512ba8\" data-element_type=\"container\" data-e-type=\"container\">\n\t\t\t\t\t<div class=\"e-con-inner\">\n\t\t\t\t<div class=\"elementor-element elementor-element-4e749fc elementor-widget elementor-widget-image\" data-id=\"4e749fc\" data-element_type=\"widget\" data-e-type=\"widget\" data-widget_type=\"image.default\">\n\t\t\t\t<div class=\"elementor-widget-container\">\n\t\t\t\t\t\t\t\t\t\t\t\t\t\t\t<img loading=\"lazy\" decoding=\"async\" width=\"960\" height=\"618\" src=\"https:\/\/conflansmontjoie.org\/wp-content\/uploads\/2025\/03\/Triptique-2.jpg\" class=\"attachment-large size-large wp-image-3700\" alt=\"\" srcset=\"https:\/\/conflansmontjoie.org\/wp-content\/uploads\/2025\/03\/Triptique-2.jpg 1004w, https:\/\/conflansmontjoie.org\/wp-content\/uploads\/2025\/03\/Triptique-2-300x193.jpg 300w, https:\/\/conflansmontjoie.org\/wp-content\/uploads\/2025\/03\/Triptique-2-768x494.jpg 768w\" sizes=\"(max-width: 960px) 100vw, 960px\" \/>\t\t\t\t\t\t\t\t\t\t\t\t\t\t\t<\/div>\n\t\t\t\t<\/div>\n\t\t\t\t\t<\/div>\n\t\t\t\t<\/div>\n\t\t\t\t<\/div>\n\t\t","protected":false},"excerpt":{"rendered":"<p>L&rsquo;op\u00e9ration \u00ab\u00a0Tulipes contre cancer\u00a0\u00bb d\u00e9butera le samedi 21 mars 2025 ! Pour cette 21\u00e8me \u00e9ditions, n6us comptons sur vous pour venir un chercher un bouquet en \u00e9change d&rsquo;un don de 10 \u20ac. Vos dons nous permettent de financer des projets en faveur du cancer et particuli\u00e8rement le cancer p\u00e9diatrique. Vous pouvez nous trouver directement sur le champ de tulipe : Route d\u2019Andr\u00e9sy \u2013 Carrefour du Bataclan \u2013 78570 Chanteloup-les-Vignes toute la semaine (sauf le lundi matin, et dimanche apr\u00e8s-midi). Lieu : Route d\u2019Andr\u00e9sy \u2013 Carrefour du Bataclan \u2013 78570 Chanteloup-les-Vignes. Mais aussi le samedi et dimanche matin sur plusieurs sites : Magasin Leclerc de Conflans, Magasins Leclerc de Carri\u00e8res-sous-Poissy, Magasin Franprix d&rsquo;Andr\u00e9sy, Magasin Intermarch\u00e9 d&rsquo;Andr\u00e9sy,<\/p>\n","protected":false},"author":1,"featured_media":0,"comment_status":"open","ping_status":"open","sticky":false,"template":"","format":"standard","meta":{"footnotes":""},"categories":[13,1],"tags":[],"class_list":["post-3635","post","type-post","status-publish","format-standard","hentry","category-calendrier-des-manifestations","category-non-classe"],"_links":{"self":[{"href":"https:\/\/conflansmontjoie.org\/index.php?rest_route=\/wp\/v2\/posts\/3635","targetHints":{"allow":["GET"]}}],"collection":[{"href":"https:\/\/conflansmontjoie.org\/index.php?rest_route=\/wp\/v2\/posts"}],"about":[{"href":"https:\/\/conflansmontjoie.org\/index.php?rest_route=\/wp\/v2\/types\/post"}],"author":[{"embeddable":true,"href":"https:\/\/conflansmontjoie.org\/index.php?rest_route=\/wp\/v2\/users\/1"}],"replies":[{"embeddable":true,"href":"https:\/\/conflansmontjoie.org\/index.php?rest_route=%2Fwp%2Fv2%2Fcomments&post=3635"}],"version-history":[{"count":54,"href":"https:\/\/conflansmontjoie.org\/index.php?rest_route=\/wp\/v2\/posts\/3635\/revisions"}],"predecessor-version":[{"id":5382,"href":"https:\/\/conflansmontjoie.org\/index.php?rest_route=\/wp\/v2\/posts\/3635\/revisions\/5382"}],"wp:attachment":[{"href":"https:\/\/conflansmontjoie.org\/index.php?rest_route=%2Fwp%2Fv2%2Fmedia&parent=3635"}],"wp:term":[{"taxonomy":"category","embeddable":true,"href":"https:\/\/conflansmontjoie.org\/index.php?rest_route=%2Fwp%2Fv2%2Fcategories&post=3635"},{"taxonomy":"post_tag","embeddable":true,"href":"https:\/\/conflansmontjoie.org\/index.php?rest_route=%2Fwp%2Fv2%2Ftags&post=3635"}],"curies":[{"name":"wp","href":"https:\/\/api.w.org\/{rel}","templated":true}]}}